{"id":1512,"date":"2022-05-26T21:20:54","date_gmt":"2022-05-26T21:20:54","guid":{"rendered":"http:\/\/www.sztama.org\/?p=1512"},"modified":"2025-01-02T21:55:14","modified_gmt":"2025-01-02T21:55:14","slug":"nasze-wolontariuszki-nagrodzone","status":"publish","type":"post","link":"https:\/\/www.sztama.org\/index.php\/2022\/05\/26\/nasze-wolontariuszki-nagrodzone\/","title":{"rendered":"Nasze wolontariuszki nagrodzone"},"content":{"rendered":"<div class=\"cxmmr5t8 oygrvhab hcukyx3x c1et5uql o9v6fnle ii04i59q\">\n<div dir=\"auto\">26 maja w K\u0119trzy\u0144skim Centrum Kultury odby\u0142a si\u0119 uroczysta gala lokalnej edycji Samorz\u0105dowego Konkursu Nastolatk\u00f3w \u201eO\u015bmiu Wspania\u0142ych\u201d.<\/div>\n<\/div>\n<div class=\"cxmmr5t8 oygrvhab hcukyx3x c1et5uql o9v6fnle ii04i59q\">\n<div dir=\"auto\"><\/div>\n<div dir=\"auto\">Celem Konkursu jest promowanie pozytywnych, prospo\u0142ecznych postaw i dzia\u0142a\u0144 m\u0142odzie\u017cy na rzecz najbli\u017cszego otoczenia: grupy r\u00f3wie\u015bniczej, s\u0105siad\u00f3w, osiedla, szko\u0142y klasy oraz upowszechnianie zachowa\u0144 \u017cyczliwo\u015bci na co dzie\u0144, jako antidotum na agresj\u0119 i brutalizacj\u0119 \u017cycia.<\/div>\n<\/div>\n<div class=\"cxmmr5t8 oygrvhab hcukyx3x c1et5uql o9v6fnle ii04i59q\">\n<div dir=\"auto\"><\/div>\n<div dir=\"auto\">Koncepcja Konkursu jest prosta. Ka\u017cde miasto dokonuje wyboru 8 wolontariuszy, a nast\u0119pnie przedstawia ca\u0142ej Polsce swoj\u0105 wspania\u0142\u0105 m\u0142odzie\u017c. Mi\u0142o nam poinformowa\u0107, \u017ce decyzj\u0105 kapitu\u0142y konkursu w\u015br\u00f3d tegorocznych laureat\u00f3w znalaz\u0142y si\u0119 nasze wolontariuszki: Julia Trypucka, Maja Karanowska, Iza \u0141awrywianiec, Kinga Polakowska, Asia Skakuj i <a class=\"oajrlxb2 g5ia77u1 qu0x051f esr5mh6w e9989ue4 r7d6kgcz rq0escxv nhd2j8a9 nc684nl6 p7hjln8o kvgmc6g5 cxmmr5t8 oygrvhab hcukyx3x jb3vyjys rz4wbd8a qt6c0cv9 a8nywdso i1ao9s8h esuyzwwr f1sip0of lzcic4wl gpro0wi8 q66pz984 b1v8xokw\" tabindex=\"0\" role=\"link\" href=\"https:\/\/www.facebook.com\/profile.php?id=100019559116662&amp;__cft__[0]=AZU6b3typXbDeBqVve2ZyceNkfXYYZybhIBK_fPEuHmTYdgnkkhuqdjOjToWF42w8hpQLjljzhPm6XjGs7x6uF3brQsJzjBJNRP7D65gOVZwexA8c1L9QilVf6xNmaN4-2w-evn3aKqIv_MCEJsQv6dffWUfFp7dmpXk7tCIr2xcGQ&amp;__tn__=-]K-R\"><span class=\"nc684nl6\">Weronika Szukis<\/span><\/a> <span class=\"pq6dq46d tbxw36s4 knj5qynh kvgmc6g5 ditlmg2l oygrvhab nvdbi5me sf5mxxl7 gl3lb2sf hhz5lgdu\"><img decoding=\"async\" src=\"https:\/\/static.xx.fbcdn.net\/images\/emoji.php\/v9\/t6c\/1\/16\/2764.png\" alt=\"\u2764\ufe0f\" width=\"16\" height=\"16\" \/><\/span><\/div>\n<\/div>\n<div class=\"cxmmr5t8 oygrvhab hcukyx3x c1et5uql o9v6fnle ii04i59q\">\n<div dir=\"auto\"><\/div>\n<div dir=\"auto\">Spo\u015br\u00f3d laureat\u00f3w lokalnej edycji konkursu kapitu\u0142a wybiera jedn\u0105 osob\u0119, kt\u00f3ra reprezentuje nasze miasto na etapie og\u00f3lnopolskim. W tym roku by\u0142a to JULIA TRYPUCKA. Mamy jeszcze jedn\u0105 dobr\u0105 wiadomo\u015b\u0107: JULIA TRYPUCKA zosta\u0142a laureatk\u0105 XXVIII Og\u00f3lnopolskiej Edycji Samorz\u0105dowego Konkursu \u201eO\u015bmiu Wspania\u0142ych\u201d. Gala odb\u0119dzie si\u0119 30.05 w Warszawie.<\/div>\n<\/div>\n<div class=\"cxmmr5t8 oygrvhab hcukyx3x c1et5uql o9v6fnle ii04i59q\">\n<div dir=\"auto\"><\/div>\n<div dir=\"auto\">Wszystkim wyr\u00f3\u017cnionym serdecznie gratulujemy!!!<\/div>\n<\/div>\n<div dir=\"auto\"><\/div>\n<div dir=\"auto\"><\/div>\n","protected":false},"excerpt":{"rendered":"<p>26 maja w K\u0119trzy\u0144skim Centrum Kultury odby\u0142a si\u0119 uroczysta gala lokalnej edycji Samorz\u0105dowego Konkursu Nastolatk\u00f3w \u201eO\u015bmiu Wspania\u0142ych\u201d. Celem Konkursu jest promowanie pozytywnych, prospo\u0142ecznych postaw i dzia\u0142a\u0144 m\u0142odzie\u017cy na rzecz najbli\u017cszego otoczenia: grupy r\u00f3wie\u015bniczej, s\u0105siad\u00f3w, osiedla, szko\u0142y klasy oraz upowszechnianie zachowa\u0144 \u017cyczliwo\u015bci na co dzie\u0144, jako antidotum na agresj\u0119 i brutalizacj\u0119 \u017cycia. Koncepcja Konkursu jest prosta. [&hellip;]<\/p>\n","protected":false},"author":1,"featured_media":2593,"comment_status":"open","ping_status":"open","sticky":false,"template":"","format":"standard","meta":{"ocean_post_layout":"","ocean_both_sidebars_style":"","ocean_both_sidebars_content_width":0,"ocean_both_sidebars_sidebars_width":0,"ocean_sidebar":"0","ocean_second_sidebar":"0","ocean_disable_margins":"enable","ocean_add_body_class":"","ocean_shortcode_before_top_bar":"","ocean_shortcode_after_top_bar":"","ocean_shortcode_before_header":"","ocean_shortcode_after_header":"","ocean_has_shortcode":"","ocean_shortcode_after_title":"","ocean_shortcode_before_footer_widgets":"","ocean_shortcode_after_footer_widgets":"","ocean_shortcode_before_footer_bottom":"","ocean_shortcode_after_footer_bottom":"","ocean_display_top_bar":"default","ocean_display_header":"default","ocean_header_style":"","ocean_center_header_left_menu":"0","ocean_custom_header_template":"0","ocean_custom_logo":0,"ocean_custom_retina_logo":0,"ocean_custom_logo_max_width":0,"ocean_custom_logo_tablet_max_width":0,"ocean_custom_logo_mobile_max_width":0,"ocean_custom_logo_max_height":0,"ocean_custom_logo_tablet_max_height":0,"ocean_custom_logo_mobile_max_height":0,"ocean_header_custom_menu":"0","ocean_menu_typo_font_family":"0","ocean_menu_typo_font_subset":"","ocean_menu_typo_font_size":0,"ocean_menu_typo_font_size_tablet":0,"ocean_menu_typo_font_size_mobile":0,"ocean_menu_typo_font_size_unit":"px","ocean_menu_typo_font_weight":"","ocean_menu_typo_font_weight_tablet":"","ocean_menu_typo_font_weight_mobile":"","ocean_menu_typo_transform":"","ocean_menu_typo_transform_tablet":"","ocean_menu_typo_transform_mobile":"","ocean_menu_typo_line_height":0,"ocean_menu_typo_line_height_tablet":0,"ocean_menu_typo_line_height_mobile":0,"ocean_menu_typo_line_height_unit":"","ocean_menu_typo_spacing":0,"ocean_menu_typo_spacing_tablet":0,"ocean_menu_typo_spacing_mobile":0,"ocean_menu_typo_spacing_unit":"","ocean_menu_link_color":"","ocean_menu_link_color_hover":"","ocean_menu_link_color_active":"","ocean_menu_link_background":"","ocean_menu_link_hover_background":"","ocean_menu_link_active_background":"","ocean_menu_social_links_bg":"","ocean_menu_social_hover_links_bg":"","ocean_menu_social_links_color":"","ocean_menu_social_hover_links_color":"","ocean_disable_title":"default","ocean_disable_heading":"default","ocean_post_title":"","ocean_post_subheading":"","ocean_post_title_style":"","ocean_post_title_background_color":"","ocean_post_title_background":0,"ocean_post_title_bg_image_position":"","ocean_post_title_bg_image_attachment":"","ocean_post_title_bg_image_repeat":"","ocean_post_title_bg_image_size":"","ocean_post_title_height":0,"ocean_post_title_bg_overlay":0.5,"ocean_post_title_bg_overlay_color":"","ocean_disable_breadcrumbs":"default","ocean_breadcrumbs_color":"","ocean_breadcrumbs_separator_color":"","ocean_breadcrumbs_links_color":"","ocean_breadcrumbs_links_hover_color":"","ocean_display_footer_widgets":"default","ocean_display_footer_bottom":"default","ocean_custom_footer_template":"0","ocean_post_oembed":"","ocean_post_self_hosted_media":"","ocean_post_video_embed":"","ocean_link_format":"","ocean_link_format_target":"self","ocean_quote_format":"","ocean_quote_format_link":"post","ocean_gallery_link_images":"off","ocean_gallery_id":[],"footnotes":""},"categories":[44,156],"tags":[206,207,208,106,110,158,116,117],"class_list":["post-1512","post","type-post","status-publish","format-standard","has-post-thumbnail","hentry","category-aktualnosci","category-wolontariat","tag-gala","tag-konkurs","tag-osmiu-wspanialych","tag-pomoc","tag-pomoc-potrzebujacym","tag-wolontariat","tag-wolontariusz","tag-wolontariuszka","entry","has-media"],"_links":{"self":[{"href":"https:\/\/www.sztama.org\/index.php\/wp-json\/wp\/v2\/posts\/1512","targetHints":{"allow":["GET"]}}],"collection":[{"href":"https:\/\/www.sztama.org\/index.php\/wp-json\/wp\/v2\/posts"}],"about":[{"href":"https:\/\/www.sztama.org\/index.php\/wp-json\/wp\/v2\/types\/post"}],"author":[{"embeddable":true,"href":"https:\/\/www.sztama.org\/index.php\/wp-json\/wp\/v2\/users\/1"}],"replies":[{"embeddable":true,"href":"https:\/\/www.sztama.org\/index.php\/wp-json\/wp\/v2\/comments?post=1512"}],"version-history":[{"count":2,"href":"https:\/\/www.sztama.org\/index.php\/wp-json\/wp\/v2\/posts\/1512\/revisions"}],"predecessor-version":[{"id":2442,"href":"https:\/\/www.sztama.org\/index.php\/wp-json\/wp\/v2\/posts\/1512\/revisions\/2442"}],"wp:featuredmedia":[{"embeddable":true,"href":"https:\/\/www.sztama.org\/index.php\/wp-json\/wp\/v2\/media\/2593"}],"wp:attachment":[{"href":"https:\/\/www.sztama.org\/index.php\/wp-json\/wp\/v2\/media?parent=1512"}],"wp:term":[{"taxonomy":"category","embeddable":true,"href":"https:\/\/www.sztama.org\/index.php\/wp-json\/wp\/v2\/categories?post=1512"},{"taxonomy":"post_tag","embeddable":true,"href":"https:\/\/www.sztama.org\/index.php\/wp-json\/wp\/v2\/tags?post=1512"}],"curies":[{"name":"wp","href":"https:\/\/api.w.org\/{rel}","templated":true}]}}