{"id":1031,"date":"2021-12-14T20:36:45","date_gmt":"2021-12-14T20:36:45","guid":{"rendered":"http:\/\/www.sztama.org\/?p=1031"},"modified":"2025-01-03T15:52:47","modified_gmt":"2025-01-03T15:52:47","slug":"nagroda-im-ireny-sendlerowej-za-naprawianie-swiata","status":"publish","type":"post","link":"https:\/\/www.sztama.org\/index.php\/2021\/12\/14\/nagroda-im-ireny-sendlerowej-za-naprawianie-swiata\/","title":{"rendered":"Nagroda im. Ireny Sendlerowej &#8222;Za naprawianie \u015bwiata&#8221;"},"content":{"rendered":"<p><span class=\"d2edcug0 hpfvmrgz qv66sw1b c1et5uql lr9zc1uh a8c37x1j keod5gw0 nxhoafnm aigsh9s9 fe6kdd0r mau55g9w c8b282yb d3f4x2em iv3no6db jq4qci2q a3bd9o3v b1v8xokw oo9gr5id hzawbc8m\" dir=\"auto\">Nasza &#8222;Sztamowa&#8221; kole\u017canka, Monika Karanowska &#8211; spirytus movens naszego stowarzyszenia, w elitarnym gronie <strong>nominowanych do nagrody im. Ireny Sendlerowej &#8222;Za naprawianie \u015bwiata&#8221;<\/strong><\/span><\/p>\n<p class=\"rtejustify\" dir=\"ltr\">Nagroda ta przyznawana jest nauczycielom i nauczycielkom, kt\u00f3rzy i kt\u00f3re: ucz\u0105 i wychowuj\u0105 w duchu tolerancji i poszanowania dla innych, odgrywaj\u0105 wa\u017cn\u0105 rol\u0119 w szkole i spo\u0142eczno\u015bci lokalnej, realizuj\u0105 konkretne projekty i dzia\u0142ania anga\u017cuj\u0105ce dzieci oraz m\u0142odzie\u017c, ze swoimi dzia\u0142aniami wychodz\u0105 poza standard szkolny.<\/p>\n<p>Celem nagrody jest upami\u0119tnienie Ireny Sendlerowej \u2013 dzia\u0142aczki spo\u0142ecznej, Sprawiedliwej w\u015br\u00f3d Narod\u00f3w \u015awiata, kt\u00f3ra w czasie II wojny\u00a0 \u015bwiatowej uratowa\u0142a ponad dwa tysi\u0105ce \u017cydowskich dzieci. Nagroda powsta\u0142a z my\u015bl\u0105 o wspieraniu nauczycieli, kt\u00f3rzy w swojej pracy z uczniami oraz cz\u0142onkami lokalnych spo\u0142eczno\u015bci kieruj\u0105 si\u0119 warto\u015bciami bliskimi Irenie Sendlerowej: szacunkiem dla r\u00f3\u017cnorodno\u015bci, odpowiedzialno\u015bci\u0105 za innych i odwag\u0105.<\/p>\n<p>Gratulujemy!!!<\/p>\n<p>&nbsp;<\/p>\n","protected":false},"excerpt":{"rendered":"<p>Nasza &#8222;Sztamowa&#8221; kole\u017canka, Monika Karanowska &#8211; spirytus movens naszego stowarzyszenia, w elitarnym gronie nominowanych do nagrody im. Ireny Sendlerowej &#8222;Za naprawianie \u015bwiata&#8221; Nagroda ta przyznawana jest nauczycielom i nauczycielkom, kt\u00f3rzy i kt\u00f3re: ucz\u0105 i wychowuj\u0105 w duchu tolerancji i poszanowania dla innych, odgrywaj\u0105 wa\u017cn\u0105 rol\u0119 w szkole i spo\u0142eczno\u015bci lokalnej, realizuj\u0105 konkretne projekty i dzia\u0142ania [&hellip;]<\/p>\n","protected":false},"author":1,"featured_media":2670,"comment_status":"open","ping_status":"open","sticky":false,"template":"","format":"standard","meta":{"ocean_post_layout":"","ocean_both_sidebars_style":"","ocean_both_sidebars_content_width":0,"ocean_both_sidebars_sidebars_width":0,"ocean_sidebar":"0","ocean_second_sidebar":"0","ocean_disable_margins":"enable","ocean_add_body_class":"","ocean_shortcode_before_top_bar":"","ocean_shortcode_after_top_bar":"","ocean_shortcode_before_header":"","ocean_shortcode_after_header":"","ocean_has_shortcode":"","ocean_shortcode_after_title":"","ocean_shortcode_before_footer_widgets":"","ocean_shortcode_after_footer_widgets":"","ocean_shortcode_before_footer_bottom":"","ocean_shortcode_after_footer_bottom":"","ocean_display_top_bar":"default","ocean_display_header":"default","ocean_header_style":"","ocean_center_header_left_menu":"0","ocean_custom_header_template":"0","ocean_custom_logo":0,"ocean_custom_retina_logo":0,"ocean_custom_logo_max_width":0,"ocean_custom_logo_tablet_max_width":0,"ocean_custom_logo_mobile_max_width":0,"ocean_custom_logo_max_height":0,"ocean_custom_logo_tablet_max_height":0,"ocean_custom_logo_mobile_max_height":0,"ocean_header_custom_menu":"0","ocean_menu_typo_font_family":"0","ocean_menu_typo_font_subset":"","ocean_menu_typo_font_size":0,"ocean_menu_typo_font_size_tablet":0,"ocean_menu_typo_font_size_mobile":0,"ocean_menu_typo_font_size_unit":"px","ocean_menu_typo_font_weight":"","ocean_menu_typo_font_weight_tablet":"","ocean_menu_typo_font_weight_mobile":"","ocean_menu_typo_transform":"","ocean_menu_typo_transform_tablet":"","ocean_menu_typo_transform_mobile":"","ocean_menu_typo_line_height":0,"ocean_menu_typo_line_height_tablet":0,"ocean_menu_typo_line_height_mobile":0,"ocean_menu_typo_line_height_unit":"","ocean_menu_typo_spacing":0,"ocean_menu_typo_spacing_tablet":0,"ocean_menu_typo_spacing_mobile":0,"ocean_menu_typo_spacing_unit":"","ocean_menu_link_color":"","ocean_menu_link_color_hover":"","ocean_menu_link_color_active":"","ocean_menu_link_background":"","ocean_menu_link_hover_background":"","ocean_menu_link_active_background":"","ocean_menu_social_links_bg":"","ocean_menu_social_hover_links_bg":"","ocean_menu_social_links_color":"","ocean_menu_social_hover_links_color":"","ocean_disable_title":"default","ocean_disable_heading":"default","ocean_post_title":"","ocean_post_subheading":"","ocean_post_title_style":"","ocean_post_title_background_color":"","ocean_post_title_background":0,"ocean_post_title_bg_image_position":"","ocean_post_title_bg_image_attachment":"","ocean_post_title_bg_image_repeat":"","ocean_post_title_bg_image_size":"","ocean_post_title_height":0,"ocean_post_title_bg_overlay":0.5,"ocean_post_title_bg_overlay_color":"","ocean_disable_breadcrumbs":"default","ocean_breadcrumbs_color":"","ocean_breadcrumbs_separator_color":"","ocean_breadcrumbs_links_color":"","ocean_breadcrumbs_links_hover_color":"","ocean_display_footer_widgets":"default","ocean_display_footer_bottom":"default","ocean_custom_footer_template":"0","ocean_post_oembed":"","ocean_post_self_hosted_media":"","ocean_post_video_embed":"","ocean_link_format":"","ocean_link_format_target":"self","ocean_quote_format":"","ocean_quote_format_link":"post","ocean_gallery_link_images":"off","ocean_gallery_id":[],"footnotes":""},"categories":[44],"tags":[101,105,104,99,95,94,114,100,96,103,98,126,91,92,93,97,102],"class_list":["post-1031","post","type-post","status-publish","format-standard","has-post-thumbnail","hentry","category-aktualnosci","tag-101","tag-centrum-edukacji-obywatelskiej","tag-ceo","tag-grono-nagrodzony","tag-irena-sendlerowa","tag-irena-sendlwer","tag-ketrzyn","tag-magroda-sendlerowe","tag-nagroda","tag-nagroda-za-naprawianie-swiata","tag-nagrodzona","tag-powiat-ketrzynski","tag-sendler","tag-sendlerowa","tag-sendlerowcy","tag-wyroznienia","tag-za-naprawianie-swiata","entry","has-media"],"_links":{"self":[{"href":"https:\/\/www.sztama.org\/index.php\/wp-json\/wp\/v2\/posts\/1031","targetHints":{"allow":["GET"]}}],"collection":[{"href":"https:\/\/www.sztama.org\/index.php\/wp-json\/wp\/v2\/posts"}],"about":[{"href":"https:\/\/www.sztama.org\/index.php\/wp-json\/wp\/v2\/types\/post"}],"author":[{"embeddable":true,"href":"https:\/\/www.sztama.org\/index.php\/wp-json\/wp\/v2\/users\/1"}],"replies":[{"embeddable":true,"href":"https:\/\/www.sztama.org\/index.php\/wp-json\/wp\/v2\/comments?post=1031"}],"version-history":[{"count":3,"href":"https:\/\/www.sztama.org\/index.php\/wp-json\/wp\/v2\/posts\/1031\/revisions"}],"predecessor-version":[{"id":2458,"href":"https:\/\/www.sztama.org\/index.php\/wp-json\/wp\/v2\/posts\/1031\/revisions\/2458"}],"wp:featuredmedia":[{"embeddable":true,"href":"https:\/\/www.sztama.org\/index.php\/wp-json\/wp\/v2\/media\/2670"}],"wp:attachment":[{"href":"https:\/\/www.sztama.org\/index.php\/wp-json\/wp\/v2\/media?parent=1031"}],"wp:term":[{"taxonomy":"category","embeddable":true,"href":"https:\/\/www.sztama.org\/index.php\/wp-json\/wp\/v2\/categories?post=1031"},{"taxonomy":"post_tag","embeddable":true,"href":"https:\/\/www.sztama.org\/index.php\/wp-json\/wp\/v2\/tags?post=1031"}],"curies":[{"name":"wp","href":"https:\/\/api.w.org\/{rel}","templated":true}]}}